{"id":121,"date":"2025-11-27T10:12:54","date_gmt":"2025-11-27T09:12:54","guid":{"rendered":"https:\/\/pat.support\/?p=121"},"modified":"2026-02-03T12:15:09","modified_gmt":"2026-02-03T11:15:09","slug":"projet-hf-relais-social-intercommunal-du-brabant-wallon-wavre","status":"publish","type":"post","link":"https:\/\/pat.support\/?p=121","title":{"rendered":"Termin\u00e9 &#8211; Projet HF &#8211; Relais social intercommunal du Brabant wallon &#8211; Wavre"},"content":{"rendered":"\n<p>Vous avez une exp\u00e9rience en lien avec la pr\u00e9carit\u00e9 et\/ou les addictions et\/ou la sant\u00e9 mentale et souhaitez mettre votre parcours de vie au service de l\u2019accompagnement des locataires Housing First ? Alors cette opportunit\u00e9 est pour vous !<\/p>\n\n\n\n<p>Contexte de la fonction<br>Le projet Housing First est port\u00e9 par le Relais social intercommunal du Brabant wallon. Ce dernier a comme objectif la lutte contre l\u2019exclusion sociale des personnes en grande pr\u00e9carit\u00e9, via, notamment:<br>\u25cf La coordination des acteurs (publics et priv\u00e9s) impliqu\u00e9s dans le secteur de la lutte contre l\u2019exclusion sociale, c\u2019est-\u00e0-dire leur mise en r\u00e9seau et leur soutien<br>\u25cf Un r\u00f4le d\u2019observatoire de la grande pr\u00e9carit\u00e9 du social<br>\u25cf Le subventionnement de projets \u00e9manant des besoins du terrain<\/p>\n\n\n\n<p>Le Pair- aidant (accompagnateur.trice ) est notamment charg\u00e9.e, en collaboration avec l\u2019\u00e9quipe, de :<br>&#8211; Cr\u00e9er et maintenir du lien<br>&#8211; Accompagner, en bin\u00f4me, le locataire<br>&#8211; Accompagner physiquement le locataire dans ses d\u00e9marches (sociale, m\u00e9dicale, juridique, vers des groupes de soutien&#8230;)<br>&#8211; Soutenir\/mobiliser la personne dans sa vie quotidienne et si besoin faire avec la personne<br>&#8211; Soutenir\/mobiliser la personne dans des comportements de r\u00e9duction des risques<br>&#8211; Soutenir la personne dans l\u2019appropriation de son logement et veiller \u00e0 son int\u00e9gration dans son quartier<br>&#8211; Participer et proposer des activit\u00e9s sociales valorisantes<br>&#8211; Soutenir\/mobiliser la personne dans la mise en place d\u2019un r\u00e9seau de soin adapt\u00e9 et soutenant; dans le respect de ses souhaits et du secret professionnel.<br>&#8211; D\u00e9velopper des outils d&#8217;observation\/d&#8217;accompagnement adapt\u00e9s au public cible<br>Il\/elle veillera \u00e0 enrichir l\u2019\u00e9quipe par ses connaissances et exp\u00e9riences de vie et\/ou professionnelles sp\u00e9cifiques.<\/p>\n\n\n\n<p>Mi-temps CDI<\/p>\n\n\n\n<p><a href=\"https:\/\/pro.guidesocial.be\/jobs\/pair-aidante-wavre.94189.html\" data-type=\"link\" data-id=\"https:\/\/pro.guidesocial.be\/jobs\/pair-aidante-wavre.94189.html\">D\u00e9tails et postuler<\/a><\/p>\n\n\n\n<p>v\u00e9rifiez toujours l&#8217;offre originale<\/p>\n\n\n\n<p><\/p>\n","protected":false},"excerpt":{"rendered":"<p>Vous avez une exp\u00e9rience en lien avec la pr\u00e9carit\u00e9 et\/ou les addictions et\/ou la sant\u00e9 mentale et souhaitez mettre votre parcours de vie au service de l\u2019accompagnement des locataires Housing First ? Alors cette opportunit\u00e9 est pour vous ! Contexte de la fonctionLe projet Housing First est port\u00e9 par le Relais social intercommunal du Brabant [&hellip;]<\/p>\n","protected":false},"author":2,"featured_media":122,"comment_status":"open","ping_status":"open","sticky":false,"template":"","format":"standard","meta":{"saved_in_kubio":false,"_themeisle_gutenberg_block_has_review":false,"footnotes":""},"categories":[10],"tags":[],"class_list":["post-121","post","type-post","status-publish","format-standard","has-post-thumbnail","hentry","category-offre-demploi"],"_links":{"self":[{"href":"https:\/\/pat.support\/index.php?rest_route=\/wp\/v2\/posts\/121","targetHints":{"allow":["GET"]}}],"collection":[{"href":"https:\/\/pat.support\/index.php?rest_route=\/wp\/v2\/posts"}],"about":[{"href":"https:\/\/pat.support\/index.php?rest_route=\/wp\/v2\/types\/post"}],"author":[{"embeddable":true,"href":"https:\/\/pat.support\/index.php?rest_route=\/wp\/v2\/users\/2"}],"replies":[{"embeddable":true,"href":"https:\/\/pat.support\/index.php?rest_route=%2Fwp%2Fv2%2Fcomments&post=121"}],"version-history":[{"count":3,"href":"https:\/\/pat.support\/index.php?rest_route=\/wp\/v2\/posts\/121\/revisions"}],"predecessor-version":[{"id":151,"href":"https:\/\/pat.support\/index.php?rest_route=\/wp\/v2\/posts\/121\/revisions\/151"}],"wp:featuredmedia":[{"embeddable":true,"href":"https:\/\/pat.support\/index.php?rest_route=\/wp\/v2\/media\/122"}],"wp:attachment":[{"href":"https:\/\/pat.support\/index.php?rest_route=%2Fwp%2Fv2%2Fmedia&parent=121"}],"wp:term":[{"taxonomy":"category","embeddable":true,"href":"https:\/\/pat.support\/index.php?rest_route=%2Fwp%2Fv2%2Fcategories&post=121"},{"taxonomy":"post_tag","embeddable":true,"href":"https:\/\/pat.support\/index.php?rest_route=%2Fwp%2Fv2%2Ftags&post=121"}],"curies":[{"name":"wp","href":"https:\/\/api.w.org\/{rel}","templated":true}]}}