{"id":101,"date":"2025-09-15T17:51:06","date_gmt":"2025-09-15T15:51:06","guid":{"rendered":"https:\/\/pat.support\/?p=101"},"modified":"2026-02-11T14:51:26","modified_gmt":"2026-02-11T13:51:26","slug":"housing-first-brabant-wallon-wavre","status":"publish","type":"post","link":"https:\/\/pat.support\/?p=101","title":{"rendered":"Termin\u00e9 &#8211; Housing First Brabant wallon | Wavre"},"content":{"rendered":"\n<p>Vous avez une exp\u00e9rience en lien avec la pr\u00e9carit\u00e9 et\/ou les addictions et\/ou la sant\u00e9 mentale et souhaitez mettre votre parcours de vie au service de l\u2019accompagnement des locataires Housing First ? Alors cette opportunit\u00e9 est pour vous !<\/p>\n\n\n\n<p><strong>Description de l\u2019ASBL<\/strong><br>Contexte de la fonction<br>Le projet Housing First est port\u00e9 par le Relais social intercommunal du Brabant wallon. Ce dernier a comme objectif la lutte contre l\u2019exclusion sociale des personnes en grande pr\u00e9carit\u00e9, via, notamment:<br>\u2013 La coordination des acteurs (publics et priv\u00e9s) impliqu\u00e9s dans le secteur de la lutte contre l\u2019exclusion sociale, c\u2019est-\u00e0-dire leur mise en r\u00e9seau et leur soutien<br>\u2013 Un r\u00f4le d\u2019observatoire de la grande pr\u00e9carit\u00e9 du social<br>\u2013 Le subventionnement de projets \u00e9manant des besoins du terrain<\/p>\n\n\n\n<p>Le Relais Social permet d\u2019impulser des projets partenariaux visant \u00e0 r\u00e9pondre aux situations de pr\u00e9carit\u00e9 sociale et d\u2019apporter une plus-value au dispositif existant.<br>Dans ce contexte, le RSBW a mis en place une \u00e9quipe pour d\u00e9velopper le Housing First dans la Province du Brabant wallon.<br>L\u2019objectif du projet Housing First consiste \u00e0 proposer l\u2019acc\u00e8s direct \u00e0 un logement d\u00e9cent et aux normes \u00e0 des personnes en situation de grande pr\u00e9carit\u00e9 (sans-abri ou mal log\u00e9es) ayant une probl\u00e9matique de sant\u00e9 mentale et\/ou d\u2019assu\u00e9tudes et \u00e0 accompagner ces personnes pour les aider \u00e0 se maintenir en logement. Ce dispositif s\u2019inscrit pleinement dans le cadre de la lutte contre le sans-abrisme.<br>La personne engag\u00e9e travaille au sein de l\u2019\u00e9quipe pluridisciplinaire Housing First et sous la responsabilit\u00e9 de la coordinatrice du projet. Il\/elle sera \u00e9galement amen\u00e9.e \u00e0 collaborer avec l\u2019ensemble des partenaires du Relais social concernant la probl\u00e9matique du logement.<\/p>\n\n\n\n<p><strong>Missions<\/strong><br>Le Pair-aidant (accompagnateur\u00b7rice ) est notamment charg\u00e9\u00b7e, en collaboration avec l\u2019\u00e9quipe, de :<br>\u2013 Cr\u00e9er et maintenir du lien<br>\u2013 Accompagner, en bin\u00f4me, le locataire<br>\u2013 Accompagner physiquement le locataire dans ses d\u00e9marches (sociale, m\u00e9dicale, juridique, vers des groupes de soutien\u2026)<br>\u2013 Soutenir\/mobiliser la personne dans sa vie quotidienne et si besoin faire avec la personne<br>\u2013 Soutenir\/mobiliser la personne dans des comportements de r\u00e9duction des risques<br>\u2013 Soutenir la personne dans l\u2019appropriation de son logement et veiller \u00e0 son int\u00e9gration dans son quartier<br>\u2013 Participer et proposer des activit\u00e9s sociales valorisantes<br>\u2013 Soutenir\/mobiliser la personne dans la mise en place d\u2019un r\u00e9seau de soin adapt\u00e9 et soutenant; dans le respect de ses souhaits et du secret professionnel.<br>\u2013 D\u00e9velopper des outils d\u2019observation\/d\u2019accompagnement adapt\u00e9s au public cible<br>Il\/elle veillera \u00e0 enrichir l\u2019\u00e9quipe par ses connaissances et exp\u00e9riences de vie et\/ou professionnelles sp\u00e9cifiques.<\/p>\n\n\n\n<hr class=\"wp-block-separator has-alpha-channel-opacity\"\/>\n\n\n\n<p><strong>Poste \u00e0 pourvoir<\/strong><\/p>\n\n\n\n<p>Contrat \u00bd temps \u00e0 dur\u00e9e ind\u00e9termin\u00e9e.<br>Entr\u00e9e en fonction novembre 2025.<br>Les contrats sont susceptibles d\u2019\u00eatre prolong\u00e9s en fonction des besoins du services, des subventions et de l\u2019\u00e9valuation de chaque travailleur.<br>Lieu de travail : Avenue Henri Lepage 5 1300 Wavre, avec d\u00e9placements quotidiens dans toute la Province du Brabant wallon.<br>Les bar\u00e8mes en vigueur pour le poste sont ceux de la commission paritaire 329.02.<\/p>\n\n\n\n<hr class=\"wp-block-separator has-alpha-channel-opacity\"\/>\n\n\n\n<p><strong>Profil recherch\u00e9, Comp\u00e9tences, Formations, Exp\u00e9rience<\/strong><\/p>\n\n\n\n<p>Profil et conditions d\u2019acc\u00e8s<br>\u2013 Avoir une exp\u00e9rience de v\u00e9cu en pr\u00e9carit\u00e9 et\/ou en addiction et\/ou en sant\u00e9 mentale<br>\u2013 \u00catre titulaire d\u2019un permis de conduire cat\u00e9gorie B<br>Atouts<br>\u2013 Avoir une formation \u00e0 la pair-aidance<br>\u2013 Avoir \u00e9t\u00e9 actif dans un groupe auto-support ou de soutien<br>\u2013 Connaissance du secteur de l\u2019aide aux justiciables est \u00e9galement un plus et en particulier du statut d\u2019intern\u00e9.<br>Comp\u00e9tences recherch\u00e9es<br>Savoir :<br>\u2013 Connaissances des probl\u00e9matiques li\u00e9es \u00e0 la grande pr\u00e9carit\u00e9 ; \u00e0 l\u2019insertion sociale ; au sans-abrisme et \u00e0 l\u2019acc\u00e8s au logement<br>\u2013 Connaissances du mod\u00e8le Housing First<br>\u2013 Connaissances du tissu associatif du Brabant wallon<br>Savoir-faire :<br>\u2013 Pouvoir partager son v\u00e9cu avec recul et pertinence<br>\u2013 Partager des outils de R\u00e9tablissement<br>\u2013 Adopter une m\u00e9thodologie mettant la personne au centre<br>\u2013 Capacit\u00e9s communicationnelles (orale et \u00e9crite)<br>Savoir \u00eatre :<br>\u2013 Savoir faire preuve d\u2019empathie et d\u2019ouverture d\u2019esprit<br>\u2013 Capacit\u00e9 \u00e0 mettre ses limites<br>\u2013 Capacit\u00e9 d\u2019adopter la juste pr\u00e9sence aupr\u00e8s des locataires<br>\u2013 Autonomie et capacit\u00e9 de travailler en \u00e9quipe<br>\u2013 Capacit\u00e9 \u00e0 verbaliser les difficult\u00e9s<br>\u2013 Respect du code d\u00e9ontologie et du secret professionnel<\/p>\n\n\n\n<hr class=\"wp-block-separator has-alpha-channel-opacity\"\/>\n\n\n\n<p><strong>Comment postuler<\/strong><\/p>\n\n\n\n<p><a href=\"https:\/\/rsbw.be\/index.php\/2025\/07\/16\/offre-demploi-pair-aidant\/\">Voir<\/a><\/p>\n\n\n\n<p><\/p>\n","protected":false},"excerpt":{"rendered":"<p>Vous avez une exp\u00e9rience en lien avec la pr\u00e9carit\u00e9 et\/ou les addictions et\/ou la sant\u00e9 mentale et souhaitez mettre votre parcours de vie au service de l\u2019accompagnement des locataires Housing First ? Alors cette opportunit\u00e9 est pour vous ! Description de l\u2019ASBLContexte de la fonctionLe projet Housing First est port\u00e9 par le Relais social intercommunal [&hellip;]<\/p>\n","protected":false},"author":2,"featured_media":103,"comment_status":"open","ping_status":"open","sticky":false,"template":"","format":"standard","meta":{"saved_in_kubio":false,"_themeisle_gutenberg_block_has_review":false,"footnotes":""},"categories":[10],"tags":[],"class_list":["post-101","post","type-post","status-publish","format-standard","has-post-thumbnail","hentry","category-offre-demploi"],"_links":{"self":[{"href":"https:\/\/pat.support\/index.php?rest_route=\/wp\/v2\/posts\/101","targetHints":{"allow":["GET"]}}],"collection":[{"href":"https:\/\/pat.support\/index.php?rest_route=\/wp\/v2\/posts"}],"about":[{"href":"https:\/\/pat.support\/index.php?rest_route=\/wp\/v2\/types\/post"}],"author":[{"embeddable":true,"href":"https:\/\/pat.support\/index.php?rest_route=\/wp\/v2\/users\/2"}],"replies":[{"embeddable":true,"href":"https:\/\/pat.support\/index.php?rest_route=%2Fwp%2Fv2%2Fcomments&post=101"}],"version-history":[{"count":2,"href":"https:\/\/pat.support\/index.php?rest_route=\/wp\/v2\/posts\/101\/revisions"}],"predecessor-version":[{"id":120,"href":"https:\/\/pat.support\/index.php?rest_route=\/wp\/v2\/posts\/101\/revisions\/120"}],"wp:featuredmedia":[{"embeddable":true,"href":"https:\/\/pat.support\/index.php?rest_route=\/wp\/v2\/media\/103"}],"wp:attachment":[{"href":"https:\/\/pat.support\/index.php?rest_route=%2Fwp%2Fv2%2Fmedia&parent=101"}],"wp:term":[{"taxonomy":"category","embeddable":true,"href":"https:\/\/pat.support\/index.php?rest_route=%2Fwp%2Fv2%2Fcategories&post=101"},{"taxonomy":"post_tag","embeddable":true,"href":"https:\/\/pat.support\/index.php?rest_route=%2Fwp%2Fv2%2Ftags&post=101"}],"curies":[{"name":"wp","href":"https:\/\/api.w.org\/{rel}","templated":true}]}}